{"id":30,"date":"2017-04-20T10:56:27","date_gmt":"2017-04-20T10:56:27","guid":{"rendered":"http:\/\/www.petergaunitz.se\/?p=30"},"modified":"2017-04-20T10:56:27","modified_gmt":"2017-04-20T10:56:27","slug":"att-fotografera-spadbarn","status":"publish","type":"post","link":"http:\/\/www.petergaunitz.se\/?p=30","title":{"rendered":"Att fotografera sp\u00e4dbarn"},"content":{"rendered":"<p>Som fotograf blir man ofta ombedd att ta sp\u00e4dbarnsportr\u00e4tt p\u00e5 de mest fascinerande s\u00e4tt. Det finns en stark trend de senaste \u00e5ren att ta bilder p\u00e5 nyf\u00f6dda sm\u00e5 s\u00f6tnosar och d\u00e5 vill man ha en proffsfotograf som ger bilderna r\u00e4ttvisa. Den d\u00e4r f\u00f6rsta tiden i livet \u00e4r s\u00e5 v\u00e4ldigt sk\u00f6r och oskuldsfull att jag till hundra procent f\u00f6rst\u00e5r nya f\u00f6r\u00e4ldrars \u00f6nskan om att f\u00f6reviga den p\u00e5 b\u00e4sta t\u00e4nkbara s\u00e4tt.<\/p>\n<h2>Barnets egen vagga<\/h2>\n<p>Det \u00e4r f\u00f6rst\u00e5s en ganska stor utmaning att fotografera sp\u00e4dbarn och f\u00f6r\u00e4ldrarna spelar en aktiv roll i kulisserna. Det \u00e4r ocks\u00e5 bra om de sj\u00e4lva kan ta med saker som<a href=\"https:\/\/pyretosnackan.se\/bilbarnstolar\/babyskydd-0-13-kg\"> babyskydd<\/a> eller kanske barnets egen <a href=\"https:\/\/pyretosnackan.se\/barnrum-barnmobler\/vagga\">vagga<\/a>, s\u00e5 att bilderna f\u00e5r ytterligare ett skikt av \u00e4kthet och renhet. Den d\u00e4r vaggan som man fotar dem i kanske sp\u00e4dbarnet sedan en dag sj\u00e4lv anv\u00e4nder till sitt barn. Det blir magi!<\/p>\n<p>Jag har s\u00e5klart ett lager av s\u00f6ta kl\u00e4der, filtar, accessoarer och attiraljer som man kan inkludera i bilderna och ofta vill f\u00f6r\u00e4ldrarna just detta &#8211; att barnet ska ligga i en virkad p\u00e5se f\u00f6rest\u00e4llande en fj\u00e4rilskokong eller dylikt. Personligen f\u00f6redrar jag det rena, enkla, men det \u00e4r s\u00e5klart alltid f\u00f6r\u00e4ldrarnas \u00f6nskem\u00e5l som best\u00e4mmer hur det blir.<\/p>\n<h2>M\u00e4tt och bel\u00e5ten &#8211; och lite nannig<\/h2>\n<p>Det \u00e4r fint att f\u00e5 \u00e4ran att fotografera sp\u00e4dbarn, \u00e4ven om det kan vara b\u00e5de tidskr\u00e4vande och svettigt. Generella rekommendationer inf\u00f6r en fotosession med sp\u00e4disar \u00e4r att se till att de \u00e4r m\u00e4tta och redo f\u00f6r en liten vilostund n\u00e4r de kommer &#8211; i den m\u00e5n det g\u00e5r. D\u00e5 f\u00e5r man lite mindre gn\u00e4ll och lite st\u00f6rre chans att de somnar s\u00f6tt i n\u00e5gon gullig position.<\/p>\n","protected":false},"excerpt":{"rendered":"<p>Som fotograf blir man ofta ombedd att ta sp\u00e4dbarnsportr\u00e4tt p\u00e5 de mest fascinerande s\u00e4tt. Det finns en stark trend de senaste \u00e5ren att ta bilder p\u00e5 nyf\u00f6dda sm\u00e5 s\u00f6tnosar och d\u00e5 vill man ha en proffsfotograf som ger bilderna r\u00e4ttvisa. Den d\u00e4r f\u00f6rsta tiden i livet \u00e4r s\u00e5 v\u00e4ldigt sk\u00f6r och oskuldsfull att jag till hundra procent f\u00f6rst\u00e5r nya f\u00f6r\u00e4ldrars \u00f6nskan om att f\u00f6reviga den p\u00e5 b\u00e4sta t\u00e4nkbara s\u00e4tt. Barnets egen vagga Det \u00e4r f\u00f6rst\u00e5s en ganska stor utmaning att fotografera sp\u00e4dbarn och f\u00f6r\u00e4ldrarna spelar en aktiv roll i kulisserna. Det \u00e4r ocks\u00e5 bra om de sj\u00e4lva kan ta med saker som babyskydd eller kanske barnets egen vagga, s\u00e5 att bilderna f\u00e5r ytterligare ett skikt av \u00e4kthet och renhet. Den d\u00e4r vaggan som man fotar dem i kanske sp\u00e4dbarnet sedan en dag sj\u00e4lv anv\u00e4nder till sitt barn. Det blir magi! Jag har s\u00e5klart ett lager av s\u00f6ta kl\u00e4der, filtar, accessoarer och attiraljer som man kan inkludera i bilderna och ofta vill f\u00f6r\u00e4ldrarna just detta &#8211; att barnet ska ligga i en virkad p\u00e5se f\u00f6rest\u00e4llande en fj\u00e4rilskokong eller dylikt. Personligen f\u00f6redrar jag det rena, enkla, men det \u00e4r s\u00e5klart alltid f\u00f6r\u00e4ldrarnas \u00f6nskem\u00e5l som best\u00e4mmer hur det blir. M\u00e4tt och bel\u00e5ten &#8211; och lite nannig Det \u00e4r fint att f\u00e5 \u00e4ran att fotografera sp\u00e4dbarn, \u00e4ven om det kan vara b\u00e5de tidskr\u00e4vande och svettigt. Generella rekommendationer inf\u00f6r en fotosession med sp\u00e4disar \u00e4r att se till att de \u00e4r m\u00e4tta och redo f\u00f6r en liten vilostund n\u00e4r de kommer &#8211; i den m\u00e5n det g\u00e5r. D\u00e5 f\u00e5r man lite mindre gn\u00e4ll och lite st\u00f6rre chans att de somnar s\u00f6tt i n\u00e5gon gullig position.<\/p>\n","protected":false},"author":1,"featured_media":31,"comment_status":"closed","ping_status":"open","sticky":false,"template":"","format":"standard","meta":{"footnotes":""},"categories":[1],"tags":[],"_links":{"self":[{"href":"http:\/\/www.petergaunitz.se\/index.php?rest_route=\/wp\/v2\/posts\/30"}],"collection":[{"href":"http:\/\/www.petergaunitz.se\/index.php?rest_route=\/wp\/v2\/posts"}],"about":[{"href":"http:\/\/www.petergaunitz.se\/index.php?rest_route=\/wp\/v2\/types\/post"}],"author":[{"embeddable":true,"href":"http:\/\/www.petergaunitz.se\/index.php?rest_route=\/wp\/v2\/users\/1"}],"replies":[{"embeddable":true,"href":"http:\/\/www.petergaunitz.se\/index.php?rest_route=%2Fwp%2Fv2%2Fcomments&post=30"}],"version-history":[{"count":1,"href":"http:\/\/www.petergaunitz.se\/index.php?rest_route=\/wp\/v2\/posts\/30\/revisions"}],"predecessor-version":[{"id":32,"href":"http:\/\/www.petergaunitz.se\/index.php?rest_route=\/wp\/v2\/posts\/30\/revisions\/32"}],"wp:featuredmedia":[{"embeddable":true,"href":"http:\/\/www.petergaunitz.se\/index.php?rest_route=\/wp\/v2\/media\/31"}],"wp:attachment":[{"href":"http:\/\/www.petergaunitz.se\/index.php?rest_route=%2Fwp%2Fv2%2Fmedia&parent=30"}],"wp:term":[{"taxonomy":"category","embeddable":true,"href":"http:\/\/www.petergaunitz.se\/index.php?rest_route=%2Fwp%2Fv2%2Fcategories&post=30"},{"taxonomy":"post_tag","embeddable":true,"href":"http:\/\/www.petergaunitz.se\/index.php?rest_route=%2Fwp%2Fv2%2Ftags&post=30"}],"curies":[{"name":"wp","href":"https:\/\/api.w.org\/{rel}","templated":true}]}}